{"provider_url": "https://www.guanhaes.mg.leg.br", "title": "Perguntas Frequentes", "html": "<p><img src=\"https://www.guanhaes.mg.leg.br/imagens/faq-logo.png/image_thumb\" alt=\"FAQ\" class=\"image-right\" title=\"Faq Logo\" /></p>\r\n<h2>Perguntas</h2>\r\n<ol>\r\n<li><a href=\"#p1\">Qual o hor\u00e1rio de funcionamento da C\u00e2mara Municipal?</a></li>\r\n<li><a href=\"#p2\">Qual o hor\u00e1rio em que s\u00e3o realizadas as reuni\u00f5es da C\u00e2mara?</a></li>\r\n<li><a title=\"\" href=\"https://www.guanhaes.mg.leg.br/faq\" class=\"internal-link\" target=\"_self\">O que \u00e9 a Lei Org\u00e2nica do Munic\u00edpio?</a></li>\r\n<li><a title=\"\" href=\"https://www.guanhaes.mg.leg.br/faq\" class=\"internal-link\" target=\"_self\">Por quantos vereadores \u00e9 Composta a C\u00e2mara Municipal de Guanh\u00e3es?</a></li>\r\n<li><a title=\"\" href=\"https://www.guanhaes.mg.leg.br/faq\" class=\"internal-link\" target=\"_self\">Como \u00e9 determinado o n\u00famero de vereadores do poder legislativo municipal?</a></li>\r\n<li><a title=\"\" href=\"https://www.guanhaes.mg.leg.br/faq\" class=\"internal-link\" target=\"_self\">Qual o per\u00edodo da Legislatura vigente?</a></li>\r\n<li><a title=\"\" href=\"https://www.guanhaes.mg.leg.br/faq\" class=\"internal-link\" target=\"_self\">Qual a compet\u00eancia da C\u00e2mara Municipal?</a></li>\r\n</ol>\r\n<p>\u00a0</p>\r\n<h2>Respostas</h2>\r\n<h2><a href=\"#p1\">Qual o hor\u00e1rio de funcionamento da C\u00e2mara Municipal?</a>?<a name=\"p1\"></a></h2>\r\n<p>A C\u00e2mara funciona de segunda a sexta-feitra das 08:00 \u00e0s 18:00 horas, exceto finais de semana e feriados.<a href=\"#p2\"></a></p>\r\n<h2><a href=\"#p2\">Qual o hor\u00e1rio em que s\u00e3o realizadas as reuni\u00f5es da C\u00e2mara?</a><a name=\"p2\"></a></h2>\r\n<p>As sess\u00f5es ordin\u00e1rias s\u00e3o realizadas \u00e0s 19:00 horas, sempre na primeira e terceira segunda-feira de cada m\u00eas.</p>\r\n<h2><a title=\"\" href=\"https://www.guanhaes.mg.leg.br/faq\" target=\"_self\" class=\"internal-link\" name=\"p3\"></a>O que \u00e9 a Lei Org\u00e2nica do Munic\u00edpio?</h2>\r\n<p>A Lei Org\u00e2nica \u00e9 o conjunto de normas que regem o munic\u00edpio. Na Lei Org\u00e2nica est\u00e3o definidas as atribui\u00e7\u00f5es dos Poderes e dos \u00f3rg\u00e3os, bem como os deveres e os direitos dos cidad\u00e3os. A Lei Org\u00e2nica funciona como a \u201cConstitui\u00e7\u00e3o\u201d do Munic\u00edpio.</p>\r\n<h2><a title=\"\" href=\"https://www.guanhaes.mg.leg.br/faq\" class=\"internal-link\" target=\"_self\">Por quantos vereadores \u00e9 Composta a C\u00e2mara Municipal de Guanh\u00e3es?</a></h2>\r\n<div class=\"cck_value cck_value_wysiwyg_editor\" id=\"cck64_value_fac_resposta\">\r\n<p>A C\u00e2mara Municipal de Guanh\u00e3es possui atualmente 13 (treze) vereadores.</p>\r\n<h2><a title=\"\" href=\"https://www.guanhaes.mg.leg.br/faq\" class=\"internal-link\" target=\"_self\">Como \u00e9 determinado o n\u00famero de vereadores do poder legislativo municipal?</a></h2>\r\n<p>O n\u00famero de vereadores do Munic\u00edpio de Guanh\u00e3es \u00e9 fixado atrav\u00e9s de Resolu\u00e7\u00e3o pela C\u00e2mara Municipal, observadas as condi\u00e7\u00f5es estabelecidas na Constitui\u00e7\u00e3o Federal.</p>\r\n<h2><a title=\"\" href=\"https://www.guanhaes.mg.leg.br/faq\" class=\"internal-link\" target=\"_self\">Qual o per\u00edodo da Legislatura vigente?</a></h2>\r\n<p>A legislatura vigente teve in\u00edcio em 01 de janeiro de 2017 e se encerrar\u00e1 em 31 de dezembro de 2020</p>\r\n<h2><a title=\"\" href=\"https://www.guanhaes.mg.leg.br/faq\" class=\"internal-link\" target=\"_self\">Qual a compet\u00eancia da C\u00e2mara Municipal?</a></h2>\r\n<div class=\"cck_value cck_value_wysiwyg_editor\" id=\"cck60_value_fac_resposta\">\r\n<p>\u00c0 C\u00e2mara Municipal (vereadores) compete legislar e fiscalizar todas as mat\u00e9rias de interesse do Munic\u00edpio.</p>\r\n</div>\r\n</div>", "author_name": "Interlegis", "version": "1.0", "author_url": "https://www.guanhaes.mg.leg.br/author/Interlegis", "provider_name": "C\u00e2mara Municipal de Guanh\u00e3es", "type": "rich"}